{"id":635,"date":"2021-11-05T08:19:51","date_gmt":"2021-11-05T11:19:51","guid":{"rendered":"https:\/\/isoporamigo.com.br\/?p=635"},"modified":"2021-11-05T08:25:04","modified_gmt":"2021-11-05T11:25:04","slug":"isopor-amigo-se-transforma-em-programa-e-firma-parcerias","status":"publish","type":"post","link":"https:\/\/isoporamigo.com.br\/index.php\/2021\/11\/05\/isopor-amigo-se-transforma-em-programa-e-firma-parcerias\/","title":{"rendered":"ISOPOR\u00ae AMIGO SE TRANSFORMA EM PROGRAMA E FIRMA PARCERIAS"},"content":{"rendered":"<!--themify_builder_content-->\n<div id=\"themify_builder_content-635\" data-postid=\"635\" class=\"themify_builder_content themify_builder_content-635 themify_builder tf_clear\">\n    \t<!-- module_row -->\n\t<div  data-lazy=\"1\" class=\"module_row themify_builder_row tb_dsei699 tb_first tf_clearfix\">\n\t    \t\t<div class=\"row_inner col_align_top tf_box tf_w tf_rel\">\n\t\t\t<div  data-lazy=\"1\" class=\"module_column tb-column col-full first tb_1fg5699 tf_box\">\n\t    \t    \t        <div class=\"tb-column-inner tf_box tf_w\">\n\t\t    <!-- module text -->\n<div  class=\"module module-text tb_tdjr985   \" data-lazy=\"1\">\n                <h3 class=\"module-title\">A iniciativa promove a log\u00edstica reversa dos produtos pl\u00e1sticos produzidos em Poliestireno Expandido<\/h3>        <div  class=\"tb_text_wrap\">\n    <div id=\"content\" class=\"site-content container\">\n<div id=\"main-content-row\" class=\"tie-row main-content-row\">\n<div class=\"main-content tie-col-md-8 tie-col-xs-12\" role=\"main\">\n<article id=\"the-post\" class=\"container-wrapper post-content tie-standard\">\n<div class=\"featured-area\">\n<div class=\"featured-area-inner\">\n<figure class=\"single-featured-image\"><img loading=\"lazy\" decoding=\"async\" class=\"attachment-jannah-image-post size-jannah-image-post wp-post-image lazyloaded\" src=\"https:\/\/plasticovirtual.com.br\/wp-content\/uploads\/2021\/10\/0311_Isopor-amigo-ABIPLAST.jpg\" sizes=\"auto, (max-width: 565px) 100vw, 565px\" srcset=\"https:\/\/plasticovirtual.com.br\/wp-content\/uploads\/2021\/10\/0311_Isopor-amigo-ABIPLAST.jpg 565w, https:\/\/plasticovirtual.com.br\/wp-content\/uploads\/2021\/10\/0311_Isopor-amigo-ABIPLAST-300x104.jpg 300w\" alt=\"\" width=\"565\" height=\"196\" data-ll-status=\"loaded\" \/><\/figure>\n<\/div>\n<\/div>\n<div id=\"share-buttons-top\" class=\"share-buttons share-buttons-top\">\n<div class=\"share-links icons-text\">Idealizado por um grupo de fabricantes de descart\u00e1veis, recicladores, ind\u00fastria petroqu\u00edmica e sindicato, com a ABIPLAST na gest\u00e3o de projeto e a operacionaliza\u00e7\u00e3o da ODNUM Design &amp; Engenharia (consultoria especializada em projetos inovadores para a sustentabilidade), o Isopor\u00ae Amigo, anteriormente operando como projeto piloto, se transformou em Programa e firmou novas parcerias.<\/div>\n<\/div>\n<div class=\"entry-content entry clearfix\">\n<p>A primeira \u00e9 com a Organa Biotech, que a partir de agora ir\u00e1 orientar as empresas que j\u00e1 disponibilizam as marmitas em EPS ao programa sobre a destina\u00e7\u00e3o adequada dos res\u00edduos org\u00e2nicos. Al\u00e9m disso, a nova parceira vai oferecer PEV\u2019s nas empresas para o recolhimento do org\u00e2nico, assim como nos restaurantes do Perini Business Park.<\/p>\n<p>A compostagem ser\u00e1 feita in loco, transformando os restos em produto (adubo) de alto valor agregado. A a\u00e7\u00e3o permite retornar os res\u00edduos org\u00e2nicos para o ciclo de produ\u00e7\u00e3o de alimentos, pois o adubo resultante da compostagem \u00e9 utilizado no pr\u00f3prio Perini Business Park. Al\u00e9m disso, n\u00e3o h\u00e1 utiliza\u00e7\u00e3o de combust\u00edveis f\u00f3sseis na movimenta\u00e7\u00e3o de cargas, pois tudo ocorre no mesmo local de destina\u00e7\u00e3o correta das marmitas de EPS.<\/p>\n<p>O reaproveitamento de res\u00edduos org\u00e2nicos faz parte da l\u00f3gica da economia circular, com o uso dos nutrientes ainda na mat\u00e9ria org\u00e2nica. Al\u00e9m disso, o correto tratamento da parcela \u00famida dos res\u00edduos s\u00f3lidos urbanos contribui para maior efici\u00eancia na disponibiliza\u00e7\u00e3o correta dos itens recicl\u00e1veis.<\/p>\n<div id=\"plast-1701474728\" class=\"plast-conteudo\">\n<div class=\"banner-conteudo\"><a title=\"Transformando\" href=\"https:\/\/plasticovirtual.com.br\/wp-content\/themes\/plastico-5-0-7\/sistema-banner\/conteudo\/conta_click.php?id=36\"><img decoding=\"async\" class=\"lazyloaded\" src=\"https:\/\/plasticovirtual.com.br\/wp-content\/uploads\/2018\/10\/Banner-7.jpg\" alt=\"Transformando\" data-ll-status=\"loaded\" \/><\/a><\/div>\n<\/div>\n<p>Com a amplia\u00e7\u00e3o e consolida\u00e7\u00e3o do piloto como Programa, os principais objetivos s\u00e3o recolher toda embalagem em EPS \u2013 n\u00e3o apenas marmitas, boxes e bandejas -, levar a iniciativa para fora do Perini \u2013 Joinville e buscar mais apoiadores. Hoje, Copobras, Isoterm, Knauf, Isorecort (Grupo Mundial), Santa Luzia, SIMPESC, Termot\u00e9cnica e Unigel est\u00e3o juntos no Programa.<\/p>\n<p>Com os avan\u00e7os da iniciativa, depois de ficar na segunda coloca\u00e7\u00e3o no Pr\u00eamio de Sustentabilidade em Projeto, que fez parte do IX Encontro de Sustentabilidade em Projeto (ENSUS), o Programa Isopor\u00ae Amigo agora concorre ao Pr\u00eamio ODS Santa Catarina.<\/p>\n<p>A iniciativa do Movimento Nacional ODS Santa Catarina reconhece a\u00e7\u00f5es que contribuam com as metas dos Objetivos do Desenvolvimento Sustent\u00e1vel (ODS), propostos pela Organiza\u00e7\u00e3o das Na\u00e7\u00f5es Unidas (ONU). Os tr\u00eas projetos com a melhor avalia\u00e7\u00e3o, em cada uma das categorias, ser\u00e3o finalistas. A divulga\u00e7\u00e3o acontecer\u00e1 no dia 21 de outubro e a cerim\u00f4nia de entrega dos trof\u00e9us e certificados ocorrer\u00e1 durante a programa\u00e7\u00e3o do F\u00f3rum Brasil ODS, nos dias 5 e 6 de novembro.<\/p>\n<p>Tamb\u00e9m, no \u00e2mbito dos ODS, o Programa Isopor\u00ae Amigo promoveu o painel virtual \u201cCadeia de Log\u00edstica Reversa e a promo\u00e7\u00e3o dos ODS para materiais em EPS\/XPS: Case Isopor\u00ae Amigo\u201d, no \u00faltimo dia 21 de setembro. Na oportunidade, explicou-se como o Programa contribui para a Agenda 2030 da ONU e foi poss\u00edvel conferir depoimentos de participantes, parceiros e apoiadores.<\/p>\n<\/div>\n<\/article>\n<\/div>\n<\/div>\n<\/div>    <\/div>\n<\/div>\n<!-- \/module text -->\t        <\/div>\n\t    \t<\/div>\n\t\t    <\/div>\n\t    <!-- \/row_inner -->\n\t<\/div>\n\t<!-- \/module_row -->\n\t<\/div>\n<!--\/themify_builder_content-->","protected":false},"excerpt":{"rendered":"<p>A iniciativa promove a log\u00edstica reversa dos produtos pl\u00e1sticos produzidos em Poliestireno Expandido Idealizado por um grupo de fabricantes de descart\u00e1veis, recicladores, ind\u00fastria petroqu\u00edmica e sindicato, com a ABIPLAST na gest\u00e3o de projeto e a operacionaliza\u00e7\u00e3o da ODNUM Design &amp; Engenharia (consultoria especializada em projetos inovadores para a sustentabilidade), o Isopor\u00ae Amigo, anteriormente operando como [&hellip;]<\/p>\n","protected":false},"author":1,"featured_media":640,"comment_status":"open","ping_status":"open","sticky":false,"template":"","format":"standard","meta":{"footnotes":""},"categories":[1],"tags":[],"class_list":["post-635","post","type-post","status-publish","format-standard","has-post-thumbnail","hentry","category-blog-isopor","has-post-title","has-post-date","has-post-category","has-post-tag","has-post-comment","has-post-author",""," cat-1"],"_links":{"self":[{"href":"https:\/\/isoporamigo.com.br\/index.php\/wp-json\/wp\/v2\/posts\/635","targetHints":{"allow":["GET"]}}],"collection":[{"href":"https:\/\/isoporamigo.com.br\/index.php\/wp-json\/wp\/v2\/posts"}],"about":[{"href":"https:\/\/isoporamigo.com.br\/index.php\/wp-json\/wp\/v2\/types\/post"}],"author":[{"embeddable":true,"href":"https:\/\/isoporamigo.com.br\/index.php\/wp-json\/wp\/v2\/users\/1"}],"replies":[{"embeddable":true,"href":"https:\/\/isoporamigo.com.br\/index.php\/wp-json\/wp\/v2\/comments?post=635"}],"version-history":[{"count":4,"href":"https:\/\/isoporamigo.com.br\/index.php\/wp-json\/wp\/v2\/posts\/635\/revisions"}],"predecessor-version":[{"id":641,"href":"https:\/\/isoporamigo.com.br\/index.php\/wp-json\/wp\/v2\/posts\/635\/revisions\/641"}],"wp:featuredmedia":[{"embeddable":true,"href":"https:\/\/isoporamigo.com.br\/index.php\/wp-json\/wp\/v2\/media\/640"}],"wp:attachment":[{"href":"https:\/\/isoporamigo.com.br\/index.php\/wp-json\/wp\/v2\/media?parent=635"}],"wp:term":[{"taxonomy":"category","embeddable":true,"href":"https:\/\/isoporamigo.com.br\/index.php\/wp-json\/wp\/v2\/categories?post=635"},{"taxonomy":"post_tag","embeddable":true,"href":"https:\/\/isoporamigo.com.br\/index.php\/wp-json\/wp\/v2\/tags?post=635"}],"curies":[{"name":"wp","href":"https:\/\/api.w.org\/{rel}","templated":true}]}}