{"id":659,"date":"2021-11-10T16:43:05","date_gmt":"2021-11-10T19:43:05","guid":{"rendered":"https:\/\/isoporamigo.com.br\/?p=659"},"modified":"2022-11-22T11:00:04","modified_gmt":"2022-11-22T14:00:04","slug":"__trashed-5__trashed","status":"publish","type":"post","link":"https:\/\/isoporamigo.com.br\/index.php\/2021\/11\/10\/__trashed-5__trashed\/","title":{"rendered":"Programa Isopor\u00ae Amigo avan\u00e7a e pode se tornar nacional"},"content":{"rendered":"<p class=\"sub-title\">O projeto piloto foi implantado em outubro de 2020, no parque empresarial Perini Business Park, em Joinville<\/p>\n<p><img loading=\"lazy\" decoding=\"async\" class=\"alignnone size-medium wp-image-622\" src=\"https:\/\/isoporamigo.com.br\/wp-content\/uploads\/2021\/10\/IsoporAmigo1-300x295.jpeg\" alt=\"\" width=\"300\" height=\"295\" srcset=\"https:\/\/isoporamigo.com.br\/wp-content\/uploads\/2021\/10\/IsoporAmigo1-300x295.jpeg 300w, https:\/\/isoporamigo.com.br\/wp-content\/uploads\/2021\/10\/IsoporAmigo1-86x86.jpeg 86w, https:\/\/isoporamigo.com.br\/wp-content\/uploads\/2021\/10\/IsoporAmigo1.jpeg 750w\" sizes=\"auto, (max-width: 300px) 100vw, 300px\" \/><\/p>\n<p>Destinado \u00e0 coleta e\u00a0<a href=\"https:\/\/www.isorecort.com.br\/quem-somos\/sustentabilidade\/?utm_source=Sustetabilidade&amp;utm_medium=EPS%20reciclavel&amp;utm_campaign=EPS%20isopor%20sustentavel&amp;utm_term=grupoisorecort%2C%20eps%2C%20isopor%2C%20casa%20de%20isopor%2C%20casa%20de%20eps%2C%20placas%20de%20eps%2C%20canaletas%20em%20eps%2C%20ISOBaldrame%2C%20fechamento%20de%20shaft%2C%20eps%20reciclavel\" target=\"_blank\" rel=\"noopener noreferrer\">reciclagem<\/a>\u00a0de embalagens de EPS\/XPS, o projeto<strong>\u00a0\u201cIsopor\u00ae Amigo\u201d<\/strong>\u00a0acaba de ganhar status de programa, com a ambi\u00e7\u00e3o de alcance nacional. \u201cO principal objetivo do projeto piloto foi a mudan\u00e7a de cultura dos usu\u00e1rios de que o material \u00e9 um pl\u00e1stico 100% recicl\u00e1vel, desde que seja descartado corretamente\u201d, conta a engenheira ambiental Marina Zambonato Farina, diretora de Sustentabilidade da Odnum \u2013 Design e Engenharia, empresa respons\u00e1vel pela operacionaliza\u00e7\u00e3o, ao lado da Associa\u00e7\u00e3o Brasileira da Ind\u00fastria do Pl\u00e1stico (Abiplast), gestora. Participam, tamb\u00e9m, empresas fabricantes, como o Grupo Isorecort, recicladores e o sindicato do setor de Santa Catarina (Simpesc).<\/p>\n<h4>O principal objetivo do projeto piloto foi a mudan\u00e7a de cultura dos usu\u00e1rios de que o material \u00e9 um pl\u00e1stico 100% recicl\u00e1vel, desde que seja descartado corretamente, Marina Zambonato Farina<\/h4>\n<p>O projeto piloto foi implantado em outubro de 2020, no parque empresarial Perini Business Park, em Joinville (SC). Atrav\u00e9s de campanhas de conscientiza\u00e7\u00e3o e instala\u00e7\u00e3o de pontos de coleta de bandejas, boxes e marmitas de EPS, viu crescer a ades\u00e3o dos funcion\u00e1rios das empresas ali sediadas. \u201cA conformidade inicial de 25% subiu para quase 90%, em um per\u00edodo de cinco meses, resultado da intensifica\u00e7\u00e3o das campanhas de comunica\u00e7\u00e3o, inclusive via Whatsapp e e-mail\u201d, informa Farina, referindo-se \u00e0 qualidade do material coletado, que deve estar limpo de res\u00edduos de alimentos para ser\u00a0<a href=\"https:\/\/www.aecweb.com.br\/especiais\/grupoisorecort\/materia\/reciclagem-do-eps-por-gaseificacao-a-plasma-gera-energia\/21263\" target=\"_blank\" rel=\"noopener\">reciclado<\/a>.<\/p>\n<p>Uma das premissas do projeto foi a educa\u00e7\u00e3o ambiental, orientando sobre como higienizar as embalagens de EPS\/XPS. De acordo com a engenheira, trata-se de limpeza a seco, retirando os restos de alimentos com o guardanapo de papel usado na refei\u00e7\u00e3o. N\u00e3o \u00e9 preciso lavar a embalagem, para evitar o consumo de \u00e1gua \u2013 recurso que deve ser preservado. \u201cEssa higieniza\u00e7\u00e3o \u00e9 necess\u00e1ria para que n\u00e3o ocorra a contamina\u00e7\u00e3o das demais embalagens coletadas, ocasionando mal cheiro e vetores\u201d, comenta, informando que a coleta e reciclagem do material, no Perini, \u00e9 realizada por umas das empresas apoiadoras do \u201cIsopor\u00ae Amigo\u201d, a Santa Luzia.<\/p>\n<h3>DE PROJETO A PROGRAMA<\/h3>\n<p>Em mar\u00e7o, com o piloto j\u00e1 consolidado e impactando mais de 10 mil pessoas, o \u201cIsopor\u00ae Amigo\u201d evoluiu para programa, abrindo-se para al\u00e9m do Perini Business Park. \u201cHoje, est\u00e1 presente em outras tr\u00eas empresas, que nos procuraram n\u00e3o apenas para a reciclagem das marmitas, mas tamb\u00e9m das embalagens de EPS\/XPS de diversos produtos\u201d, relata Farina.<\/p>\n<p>Para se ter uma ideia, as embalagens coletadas semanalmente no complexo empresarial pesam em torno de 10 a 15 kg. Mas, pode chegar a 140 kg quando envolve o EPS\/XPS utilizado na constru\u00e7\u00e3o civil e embalagens de outros produtos que os funcion\u00e1rios de empresas do Perini levam de suas casas. \u201cPode parecer pouco, por\u00e9m, \u00e9 importante lembrar que o EPS \u00e9 constitu\u00eddo de 98% de ar e apenas 2% de mat\u00e9ria-prima (poliestireno). Se, de um lado, \u00e9 muito leve, de outro ocupa espa\u00e7o para ser transportado. Estamos buscando parceiros que apontem solu\u00e7\u00f5es para a compacta\u00e7\u00e3o das embalagens\u201d, afirma.<\/p>\n<h3>EXPANS\u00c3O DO PROGRAMA<\/h3>\n<p>A meta de expandir o programa nacionalmente ganhou importante ferramenta, o site\u00a0<a href=\"https:\/\/www.isoporamigo.com.br\/\" target=\"_blank\" rel=\"noopener\">www.isoporamigo.com.br<\/a>, que permitir\u00e1 o monitoramento das empresas geradoras de EPS\/XPS recicl\u00e1vel e das transformadoras que poder\u00e3o receber e transformar o material em novo produto. O site, de f\u00e1cil navegabilidade, explica o passo a passo da coleta e reciclagem e convida os atores da cadeia para participar do programa, fechando o ciclo que abrange coleta, transporte e transforma\u00e7\u00e3o do material em novos produtos.<\/p>\n<p>Novas empresas parceiras come\u00e7am a aderir ao programa. \u00c9 o caso da Organa Biotech, startup que trata os res\u00edduos org\u00e2nicos, inclusive os guardanapos utilizados na higieniza\u00e7\u00e3o das bandejas de EPS\/XPS. Ela atua nas empresas sediadas no Perini Business Park, fazendo a compostagem dos alimentos. \u201cFomos procurados e fechamos parceria com a gestora de res\u00edduos Belliville, para a coleta em empresas fora do Perini; com a Coomarg, cooperativa que atende empresas em Joinville; e com a Cooperl\u00ednea Ambiental do Brasil para nos atender em S\u00e3o Paulo\u201d, fala Farina.<\/p>\n<h3>PREMIA\u00c7\u00c3O<\/h3>\n<p>Recentemente, o programa conquistou a segunda posi\u00e7\u00e3o no Pr\u00eamio de Sustentabilidade em Projeto, concedido no IX Encontro de Sustentabilidade em Projeto (ENSUS) \u2013 confer\u00eancia nacional com participa\u00e7\u00f5es internacionais que reuniu, em junho, profissionais de arquitetura, engenharia, design e \u00e1reas afins.<\/p>\n<p>\u201cEstamos orgulhosos com a premia\u00e7\u00e3o. \u00c9 um programa \u00fanico, inovador, porque trabalha com dois pilares fundamentais para a promo\u00e7\u00e3o da economia circular. Primeiro, a mobiliza\u00e7\u00e3o do consumidor, que recebe informa\u00e7\u00e3o sobre a import\u00e2ncia da destina\u00e7\u00e3o correta das embalagens e dos produtos, de forma que estes cumpram a circularidade. Em outra frente, desmistifica o EPS (\u201cisopor\u201d), sempre apontado incorretamente como material n\u00e3o recicl\u00e1vel. Acredito que o \u201cIsopor\u00ae Amigo\u201d cumpriu o objetivo de mobilizar, informar sobre o consumo consciente\u201d, avalia Paulo Teixeira, diretor superintendente da Abiplast.<\/p>\n<h4>Acredito que o Isopor\u00ae Amigo cumpriu o objetivo de mobilizar, informar sobre o consumo consciente, Paulo Teixeira<\/h4>\n<p>Acompanhe o programa Isopor\u00ae Amigo nas redes sociais:<\/p>\n<p><a href=\"https:\/\/www.youtube.com\/channel\/UCY899w1LUB0VZcapuv6f7PA\/featured\" target=\"_blank\" rel=\"noopener\">https:\/\/www.youtube.com\/channel\/UCY899w1LUB0VZcapuv6f7PA\/featured<\/a><br \/>\n<a href=\"https:\/\/www.instagram.com\/isoporamigo\/\" target=\"_blank\" rel=\"noopener\">https:\/\/www.instagram.com\/isoporamigo\/<\/a><br \/>\n<a href=\"https:\/\/www.facebook.com\/isoporamigo\" target=\"_blank\" rel=\"noopener\">https:\/\/www.facebook.com\/isoporamigo<\/a><\/p>\n<p>&nbsp;<\/p>\n<p>Colabora\u00e7\u00e3o t\u00e9cnica: Marina Zambonato Farina<\/p>\n<p><img loading=\"lazy\" decoding=\"async\" class=\"alignnone size-full wp-image-705\" src=\"https:\/\/isoporamigo.com.br\/wp-content\/uploads\/2021\/11\/MARINA-ISOPOR_AMIGO.png\" alt=\"\" width=\"158\" height=\"255\" \/><\/p>\n<p>&nbsp;<\/p>\n<!--themify_builder_content-->\n<div id=\"themify_builder_content-659\" data-postid=\"659\" class=\"themify_builder_content themify_builder_content-659 themify_builder tf_clear\">\n    \t<!-- module_row -->\n\t<div  data-lazy=\"1\" class=\"module_row themify_builder_row tb_dsei699 tb_first tf_clearfix\">\n\t    \t\t<div class=\"row_inner col_align_top tf_box tf_w tf_rel\">\n\t\t\t<div  data-lazy=\"1\" class=\"module_column tb-column col-full first tb_1fg5699 tf_box\">\n\t    \t    \t        <div class=\"tb-column-inner tf_box tf_w\">\n\t\t    <!-- module text -->\n<div  class=\"module module-text tb_tdjr985   \" data-lazy=\"1\">\n            <div  class=\"tb_text_wrap\">\n        <\/div>\n<\/div>\n<!-- \/module text -->\t        <\/div>\n\t    \t<\/div>\n\t\t    <\/div>\n\t    <!-- \/row_inner -->\n\t<\/div>\n\t<!-- \/module_row -->\n\t<\/div>\n<!--\/themify_builder_content-->\n","protected":false},"excerpt":{"rendered":"<p>O projeto piloto foi implantado em outubro de 2020, no parque empresarial Perini Business Park, em Joinville Destinado \u00e0 coleta e\u00a0reciclagem\u00a0de embalagens de EPS\/XPS, o projeto\u00a0\u201cIsopor\u00ae Amigo\u201d\u00a0acaba de ganhar status de programa, com a ambi\u00e7\u00e3o de alcance nacional. \u201cO principal objetivo do projeto piloto foi a mudan\u00e7a de cultura dos usu\u00e1rios de que o material [&hellip;]<\/p>\n","protected":false},"author":2,"featured_media":622,"comment_status":"open","ping_status":"open","sticky":false,"template":"","format":"standard","meta":{"footnotes":""},"categories":[1],"tags":[],"class_list":["post-659","post","type-post","status-publish","format-standard","has-post-thumbnail","hentry","category-blog-isopor","has-post-title","has-post-date","has-post-category","has-post-tag","has-post-comment","has-post-author",""," cat-1"],"_links":{"self":[{"href":"https:\/\/isoporamigo.com.br\/index.php\/wp-json\/wp\/v2\/posts\/659","targetHints":{"allow":["GET"]}}],"collection":[{"href":"https:\/\/isoporamigo.com.br\/index.php\/wp-json\/wp\/v2\/posts"}],"about":[{"href":"https:\/\/isoporamigo.com.br\/index.php\/wp-json\/wp\/v2\/types\/post"}],"author":[{"embeddable":true,"href":"https:\/\/isoporamigo.com.br\/index.php\/wp-json\/wp\/v2\/users\/2"}],"replies":[{"embeddable":true,"href":"https:\/\/isoporamigo.com.br\/index.php\/wp-json\/wp\/v2\/comments?post=659"}],"version-history":[{"count":18,"href":"https:\/\/isoporamigo.com.br\/index.php\/wp-json\/wp\/v2\/posts\/659\/revisions"}],"predecessor-version":[{"id":735,"href":"https:\/\/isoporamigo.com.br\/index.php\/wp-json\/wp\/v2\/posts\/659\/revisions\/735"}],"wp:featuredmedia":[{"embeddable":true,"href":"https:\/\/isoporamigo.com.br\/index.php\/wp-json\/wp\/v2\/media\/622"}],"wp:attachment":[{"href":"https:\/\/isoporamigo.com.br\/index.php\/wp-json\/wp\/v2\/media?parent=659"}],"wp:term":[{"taxonomy":"category","embeddable":true,"href":"https:\/\/isoporamigo.com.br\/index.php\/wp-json\/wp\/v2\/categories?post=659"},{"taxonomy":"post_tag","embeddable":true,"href":"https:\/\/isoporamigo.com.br\/index.php\/wp-json\/wp\/v2\/tags?post=659"}],"curies":[{"name":"wp","href":"https:\/\/api.w.org\/{rel}","templated":true}]}}