{"id":740,"date":"2022-11-22T11:09:14","date_gmt":"2022-11-22T14:09:14","guid":{"rendered":"https:\/\/isoporamigo.com.br\/?p=740"},"modified":"2022-11-22T11:09:14","modified_gmt":"2022-11-22T14:09:14","slug":"signatarios-do-movimento-ods-sao-reconhecidos-no-premio-joinville-faz-bem","status":"publish","type":"post","link":"https:\/\/isoporamigo.com.br\/index.php\/2022\/11\/22\/signatarios-do-movimento-ods-sao-reconhecidos-no-premio-joinville-faz-bem\/","title":{"rendered":"Signat\u00e1rios do Movimento ODS s\u00e3o reconhecidos no Pr\u00eamio Joinville Faz Bem"},"content":{"rendered":"<p>A premia\u00e7\u00e3o foi realizada no dia 28 de maio de 2022, promovida pela\u00a0<a href=\"https:\/\/www.nsctotal.com.br\/noticias\/confira-os-vencedores-do-premio-joinville-faz-bem-2022\" target=\"_blank\" rel=\"noreferrer noopener\">NSCTV<\/a>. Por meio de vota\u00e7\u00e3o popular, com mais de 1,5 milh\u00e3o de votos, foram escolhidos os destaques nas categorias Educa\u00e7\u00e3o, Meio Ambiente, Cultura, Inova\u00e7\u00e3o, Esporte, Projeto Social e Joinvilense do ano.<\/p>\n<p>Em todas as categorias, o objetivo foi valorizar pessoas comuns, entidades e iniciativas que se destacaram na cidade. Os finalistas e vencedor da categoria Meio Ambiente contaram com a participa\u00e7\u00e3o de signat\u00e1rios do Movimento Nacional ODS Santa Catarina. Os finalistas de todas as categorias foram indicados pelo p\u00fablico do Jornal do Almo\u00e7o e por comit\u00eas tem\u00e1ticos de cada \u00e1rea, com representantes da sociedade civil, de institui\u00e7\u00f5es p\u00fablicas e privadas.<\/p>\n<p><strong>Meio Ambiente<\/strong><\/p>\n<p>O\u00a0<strong>Projeto Caminho Curto<\/strong>, foi o vencedor, com 56% dos votos, uma iniciativa da\u00a0<strong>ONG Engenheiros Sem Fronteiras (ESF)<\/strong>. O Projeto\u00a0<strong>Nosso Quintal \u00e9 o Mangue<\/strong>, que conta com a participa\u00e7\u00e3o do\u00a0<strong>quadrinista e professor Chicolam,<\/strong>\u00a0esteve entre os finalistas, e obteve 39% dos votos. J\u00e1 o\u00a0<strong>Projeto Isopor<a href=\"https:\/\/isoporamigo.com.br\/index.php\/projeto_piloto\/\" target=\"_blank\" rel=\"noreferrer noopener\">\u00ae<\/a>\u00a0Amigo<\/strong>, tamb\u00e9m chegou \u00e0 final, com 5% dos votos.<\/p>\n<p><strong>Projeto Caminho Curto<\/strong><\/p>\n<p>O\u00a0<strong>ESF\u00a0<\/strong>\u00e9 uma organiza\u00e7\u00e3o\u00a0<strong>mundial\u00a0<\/strong>sem fins lucrativos que utiliza dos conhecimentos da engenharia para a melhoria da qualidade de vida das comunidades e indiv\u00edduos em situa\u00e7\u00e3o de vulnerabilidade. Em\u00a0<strong>Joinville<\/strong>, o n\u00facleo foi criado no final de 2014, e um dos projetos foi realizar um estudo e execu\u00e7\u00e3o de um sistema de tratamento de esgoto na\u00a0<a href=\"https:\/\/benfeitoria.com\/projeto\/caminhocurto\" target=\"_blank\" rel=\"noreferrer noopener\">comunidade do Caminho Curto<\/a>, uma comunidade com aproximadamente 100 moradores, sendo que mais de 45% dessas moradoras s\u00e3o crian\u00e7as, que estavam convivendo com esgoto \u00e0 c\u00e9u aberto, mal cheiro, vetores e doen\u00e7as.<\/p>\n<p>Segundo a presidente do ESF Joinville, Let\u00edcia Motari, o projeto trouxe mais qualidade de vida para a popula\u00e7\u00e3o local. \u201cComo principal resultado houve a diminui\u00e7\u00e3o significativa das interna\u00e7\u00f5es de crian\u00e7as com v\u00f4mito, diarreias e outras doen\u00e7as\u201d.<\/p>\n<p><strong>Projeto Nosso Quintal \u00e9 o Mangue<\/strong><\/p>\n<p>A floresta de mangue \u00e9 o ber\u00e7o de reprodu\u00e7\u00e3o da vida marinha. Em SC, a Ba\u00eda da Babitonga possui 130 km2, ou seja, abriga mais de 80% dos manguezais do Estado, sendo \u00e1rea de preserva\u00e7\u00e3o permanente. Mesmo sendo preservada, a \u00e1rea sofre com polui\u00e7\u00e3o dos rios, desmatamento das encostas, constru\u00e7\u00f5es irregulares e esgotos despejados de forma irregular.<\/p>\n<p>Para proteger este bioma, a Escola Municipal Professor Reinaldo Pedro Fran\u00e7a, por meio do projeto \u201cNosso Quintal \u00e9 o mangue\u201d, tem se mobilizado para proteger a riqueza ambiental do bairro onde est\u00e1 localizada.<\/p>\n<p>\u201cA escola tem um v\u00ednculo com o bairro e com toda a Ba\u00eda da Babitonga. Os alunos participam de a\u00e7\u00f5es de conscientiza\u00e7\u00e3o no bairro, a exemplo disso confeccionaram plaquinhas para colocar no bairro sobre os cuidados de preserva\u00e7\u00e3o do mangue. Al\u00e9m disso, \u00e9 oferecido para toda a comunidade palestras e material did\u00e1tico, destacando animais que ali habitam, como o caranguejo, a toninha, entre outros. Al\u00e9m disso, a escola promove \u201cum Dia no Manguezal\u201d, a\u00e7\u00e3o que envolve toda a comunidade. Assim, fornece para o bairro as plaquinhas de orienta\u00e7\u00e3o, palestras de conscientiza\u00e7\u00e3o e distribui\u00e7\u00e3o de materiais did\u00e1ticos l\u00fadicos, a exemplo do\u00a0<a href=\"https:\/\/www.meninocaranguejo.com\/\" target=\"_blank\" rel=\"noreferrer noopener\">Almanaque Ambiental do Menino Caranguejo<\/a>\u201c, explicou o quadrinista e professor Chicolam.<\/p>\n<p><strong>Programa Isopor<a href=\"https:\/\/isoporamigo.com.br\/index.php\/projeto_piloto\/\" target=\"_blank\" rel=\"noreferrer noopener\">\u00ae<\/a>\u00a0Amigo<\/strong><\/p>\n<p>O\u00a0<a href=\"https:\/\/isoporamigo.com.br\/index.php\/projeto_piloto\/\" target=\"_blank\" rel=\"noreferrer noopener\">Programa Isopor\u00ae Amigo\u00a0<\/a>tem a Gest\u00e3o da ABIPLAST e \u00e9 gerenciado pela Ascia ESG, empresa de consultoria especializada em projetos para a sustentabilidade.<\/p>\n<p>A iniciativa surgiu com uma demanda da ind\u00fastria para que a popula\u00e7\u00e3o descartasse corretamente as embalagens de marmitas, box e bandejinhas de EPS\/XPS (Isopor\u00ae), para que estes materiais pudessem ser encaminhados para a reciclagem. Assim, a equipe do projeto percebeu que havia uma grande falta de conhecimento da popula\u00e7\u00e3o de que o Isopor\u00ae \u00e9 um Pl\u00e1stico e que se for descartado corretamente, volta para a ind\u00fastria se transformando em outros produtos, tais como baldes, cabides, r\u00e9guas, produtos para a constru\u00e7\u00e3o civil, entre outros.<\/p>\n<p>\u201cAcreditamos que o Projeto contribui substancialmente para a dissemina\u00e7\u00e3o da informa\u00e7\u00e3o sobre reciclagem e isso \u00e9 desafio para todos os materiais recicl\u00e1veis e o Isopor\u00ae \u00e9 um dos mais dif\u00edceis e por isso acreditamos que veio este reconhecimento\u201d, afirma Marina Z. Farina, confundadora da Ascia ESG.<\/p>\n<!--themify_builder_content-->\n<div id=\"themify_builder_content-740\" data-postid=\"740\" class=\"themify_builder_content themify_builder_content-740 themify_builder tf_clear\">\n    \t<!-- module_row -->\n\t<div  data-lazy=\"1\" class=\"module_row themify_builder_row tb_dsei699 tb_first tf_clearfix\">\n\t    \t\t<div class=\"row_inner col_align_top tf_box tf_w tf_rel\">\n\t\t\t<div  data-lazy=\"1\" class=\"module_column tb-column col-full first tb_1fg5699 tf_box\">\n\t    \t    \t        <div class=\"tb-column-inner tf_box tf_w\">\n\t\t    <!-- module text -->\n<div  class=\"module module-text tb_tdjr985   \" data-lazy=\"1\">\n            <div  class=\"tb_text_wrap\">\n        <\/div>\n<\/div>\n<!-- \/module text -->\t        <\/div>\n\t    \t<\/div>\n\t\t    <\/div>\n\t    <!-- \/row_inner -->\n\t<\/div>\n\t<!-- \/module_row -->\n\t<\/div>\n<!--\/themify_builder_content-->\n","protected":false},"excerpt":{"rendered":"<p>A premia\u00e7\u00e3o foi realizada no dia 28 de maio de 2022, promovida pela\u00a0NSCTV. Por meio de vota\u00e7\u00e3o popular, com mais de 1,5 milh\u00e3o de votos, foram escolhidos os destaques nas categorias Educa\u00e7\u00e3o, Meio Ambiente, Cultura, Inova\u00e7\u00e3o, Esporte, Projeto Social e Joinvilense do ano. Em todas as categorias, o objetivo foi valorizar pessoas comuns, entidades e [&hellip;]<\/p>\n","protected":false},"author":2,"featured_media":741,"comment_status":"open","ping_status":"open","sticky":false,"template":"","format":"standard","meta":{"footnotes":""},"categories":[1],"tags":[],"class_list":["post-740","post","type-post","status-publish","format-standard","has-post-thumbnail","hentry","category-blog-isopor","has-post-title","has-post-date","has-post-category","has-post-tag","has-post-comment","has-post-author",""," cat-1"],"_links":{"self":[{"href":"https:\/\/isoporamigo.com.br\/index.php\/wp-json\/wp\/v2\/posts\/740","targetHints":{"allow":["GET"]}}],"collection":[{"href":"https:\/\/isoporamigo.com.br\/index.php\/wp-json\/wp\/v2\/posts"}],"about":[{"href":"https:\/\/isoporamigo.com.br\/index.php\/wp-json\/wp\/v2\/types\/post"}],"author":[{"embeddable":true,"href":"https:\/\/isoporamigo.com.br\/index.php\/wp-json\/wp\/v2\/users\/2"}],"replies":[{"embeddable":true,"href":"https:\/\/isoporamigo.com.br\/index.php\/wp-json\/wp\/v2\/comments?post=740"}],"version-history":[{"count":2,"href":"https:\/\/isoporamigo.com.br\/index.php\/wp-json\/wp\/v2\/posts\/740\/revisions"}],"predecessor-version":[{"id":838,"href":"https:\/\/isoporamigo.com.br\/index.php\/wp-json\/wp\/v2\/posts\/740\/revisions\/838"}],"wp:featuredmedia":[{"embeddable":true,"href":"https:\/\/isoporamigo.com.br\/index.php\/wp-json\/wp\/v2\/media\/741"}],"wp:attachment":[{"href":"https:\/\/isoporamigo.com.br\/index.php\/wp-json\/wp\/v2\/media?parent=740"}],"wp:term":[{"taxonomy":"category","embeddable":true,"href":"https:\/\/isoporamigo.com.br\/index.php\/wp-json\/wp\/v2\/categories?post=740"},{"taxonomy":"post_tag","embeddable":true,"href":"https:\/\/isoporamigo.com.br\/index.php\/wp-json\/wp\/v2\/tags?post=740"}],"curies":[{"name":"wp","href":"https:\/\/api.w.org\/{rel}","templated":true}]}}