{"id":854,"date":"2024-06-21T14:16:04","date_gmt":"2024-06-21T17:16:04","guid":{"rendered":"https:\/\/isoporamigo.com.br\/?p=854"},"modified":"2024-08-01T20:41:03","modified_gmt":"2024-08-01T23:41:03","slug":"isopor-amigo-o-retorno","status":"publish","type":"post","link":"https:\/\/isoporamigo.com.br\/index.php\/2024\/06\/21\/isopor-amigo-o-retorno\/","title":{"rendered":"Nosso blog est\u00e1 de volta!"},"content":{"rendered":"<p><span style=\"font-weight: 400;\">Pausamos, mas j\u00e1 voltamos!<\/span><\/p>\n<p><span style=\"font-weight: 400;\">Ap\u00f3s uma pausa de publica\u00e7\u00f5es neste espa\u00e7o, o blog do Isopor\u00ae Amigo retorna! A iniciativa, que come\u00e7ou como projeto piloto em 2020, agora j\u00e1 \u00e9 um Programa para fomentar a reciclagem do Isopor\u00ae. Nesses quatro anos de opera\u00e7\u00e3o, um p\u00fablico cada vez maior tem sido alcan\u00e7ado, e este espa\u00e7o \u00e9 mais um ponto de contato com voc\u00ea, seguidor e participante do Programa Isopor\u00ae Amigo.<\/span><\/p>\n<p><span style=\"font-weight: 400;\">Neste blog voc\u00ea poder\u00e1 acompanhar as diversas a\u00e7\u00f5es em que o Isopor\u00ae Amigo esteve presente, promovendo conscientiza\u00e7\u00e3o ambiental acerca do descarte correto deste material. Al\u00e9m disso, \u00e9 uma oportunidade para que voc\u00ea fique informado sobre a atua\u00e7\u00e3o do programa em eventos e premia\u00e7\u00f5es, al\u00e9m de poder acompanhar a\u00e7\u00f5es de coleta e reciclagem.<\/span><\/p>\n<p><span style=\"font-weight: 400;\">Voc\u00ea tamb\u00e9m pode utilizar esta plataforma para enviar suas d\u00favidas, ideias ou coment\u00e1rios.\u00a0<\/span><\/p>\n<p><span style=\"font-weight: 400;\">Al\u00e9m disso, acompanhe-nos no Instagram (@isoporamigo) para ficar atualizado sobre as novidades relacionadas a esta iniciativa que promove a preserva\u00e7\u00e3o ambiental por meio do apoio \u00e0 log\u00edstica reversa e \u00e0 economia circular.<\/span><\/p>\n<!--themify_builder_content-->\n<div id=\"themify_builder_content-854\" data-postid=\"854\" class=\"themify_builder_content themify_builder_content-854 themify_builder tf_clear\">\n    <\/div>\n<!--\/themify_builder_content-->\n","protected":false},"excerpt":{"rendered":"<p>Pausamos, mas j\u00e1 voltamos! Ap\u00f3s uma pausa de publica\u00e7\u00f5es neste espa\u00e7o, o blog do Isopor\u00ae Amigo retorna! A iniciativa, que come\u00e7ou como projeto piloto em 2020, agora j\u00e1 \u00e9 um Programa para fomentar a reciclagem do Isopor\u00ae. Nesses quatro anos de opera\u00e7\u00e3o, um p\u00fablico cada vez maior tem sido alcan\u00e7ado, e este espa\u00e7o \u00e9 mais [&hellip;]<\/p>\n","protected":false},"author":2,"featured_media":622,"comment_status":"closed","ping_status":"open","sticky":false,"template":"","format":"standard","meta":{"footnotes":""},"categories":[1],"tags":[],"class_list":["post-854","post","type-post","status-publish","format-standard","has-post-thumbnail","hentry","category-blog-isopor","has-post-title","has-post-date","has-post-category","has-post-tag","has-post-comment","has-post-author",""," cat-1"],"_links":{"self":[{"href":"https:\/\/isoporamigo.com.br\/index.php\/wp-json\/wp\/v2\/posts\/854","targetHints":{"allow":["GET"]}}],"collection":[{"href":"https:\/\/isoporamigo.com.br\/index.php\/wp-json\/wp\/v2\/posts"}],"about":[{"href":"https:\/\/isoporamigo.com.br\/index.php\/wp-json\/wp\/v2\/types\/post"}],"author":[{"embeddable":true,"href":"https:\/\/isoporamigo.com.br\/index.php\/wp-json\/wp\/v2\/users\/2"}],"replies":[{"embeddable":true,"href":"https:\/\/isoporamigo.com.br\/index.php\/wp-json\/wp\/v2\/comments?post=854"}],"version-history":[{"count":5,"href":"https:\/\/isoporamigo.com.br\/index.php\/wp-json\/wp\/v2\/posts\/854\/revisions"}],"predecessor-version":[{"id":886,"href":"https:\/\/isoporamigo.com.br\/index.php\/wp-json\/wp\/v2\/posts\/854\/revisions\/886"}],"wp:featuredmedia":[{"embeddable":true,"href":"https:\/\/isoporamigo.com.br\/index.php\/wp-json\/wp\/v2\/media\/622"}],"wp:attachment":[{"href":"https:\/\/isoporamigo.com.br\/index.php\/wp-json\/wp\/v2\/media?parent=854"}],"wp:term":[{"taxonomy":"category","embeddable":true,"href":"https:\/\/isoporamigo.com.br\/index.php\/wp-json\/wp\/v2\/categories?post=854"},{"taxonomy":"post_tag","embeddable":true,"href":"https:\/\/isoporamigo.com.br\/index.php\/wp-json\/wp\/v2\/tags?post=854"}],"curies":[{"name":"wp","href":"https:\/\/api.w.org\/{rel}","templated":true}]}}